{"id":833,"date":"2019-11-23T09:27:46","date_gmt":"2019-11-23T08:27:46","guid":{"rendered":"http:\/\/wolarafalowska.pl\/?p=833"},"modified":"2020-01-23T09:28:24","modified_gmt":"2020-01-23T08:28:24","slug":"spotkanie-z-autorem-opracowania-historia-wsi-wola-rafalowska-w-xviii-i-xix-wieku","status":"publish","type":"post","link":"https:\/\/wolarafalowska.pl\/?p=833","title":{"rendered":"SPOTKANIE Z AUTOREM OPRACOWANIA HISTORIA WSI WOLA RAFA\u0141OWSKA W XVIII I XIX WIEKU"},"content":{"rendered":"<p>Kolejnymi elementami projektu by\u0142o spotkanie z autorem opracowania Historia Wsi Wola Rafa\u0142owska w XVIII i XIX wieku panem Ryszardem Jesio\u0142kiewiczem. Zebrani z zaciekawieniem wys\u0142uchali opowie\u015bci, wszyscy byli pod ogromnym wra\u017ceniem i pe\u0142ni podziwu dla ogromu wykonanej pracy oraz zdolno\u015bci zapami\u0119tywania przez autora dat, nazwisk. Spotkanie mia\u0142o trwa\u0107 dwie godziny, a zako\u0144czy\u0142o si\u0119 po trzech i p\u00f3\u0142. \u015awiadczy to, o tym, \u017ce by\u0142o potrzebne i oczekiwane przez miejscowa spo\u0142eczno\u015b\u0107.<\/p>\n","protected":false},"excerpt":{"rendered":"<p>Kolejnymi elementami projektu by\u0142o spotkanie z autorem opracowania Historia Wsi Wola Rafa\u0142owska w XVIII i XIX wieku panem Ryszardem Jesio\u0142kiewiczem. Zebrani z zaciekawieniem wys\u0142uchali opowie\u015bci, wszyscy byli pod ogromnym wra\u017ceniem i pe\u0142ni podziwu dla ogromu wykonanej pracy oraz zdolno\u015bci zapami\u0119tywania przez autora dat, nazwisk. Spotkanie mia\u0142o trwa\u0107 dwie godziny, a zako\u0144czy\u0142o si\u0119 po trzech i<\/p>\n<a class=\"btn_a\" href=\"https:\/\/wolarafalowska.pl\/?p=833\"><span><i class=\"in_left fa fa-angle-right\"><\/i><span>Details<\/span><i class=\"in_right fa fa-angle-right\"><\/i><\/span><\/a>","protected":false},"author":1,"featured_media":0,"comment_status":"closed","ping_status":"closed","sticky":false,"template":"","format":"standard","meta":{"footnotes":""},"categories":[2],"tags":[],"class_list":["post-833","post","type-post","status-publish","format-standard","hentry","category-aktualnosci"],"_links":{"self":[{"href":"https:\/\/wolarafalowska.pl\/index.php?rest_route=\/wp\/v2\/posts\/833","targetHints":{"allow":["GET"]}}],"collection":[{"href":"https:\/\/wolarafalowska.pl\/index.php?rest_route=\/wp\/v2\/posts"}],"about":[{"href":"https:\/\/wolarafalowska.pl\/index.php?rest_route=\/wp\/v2\/types\/post"}],"author":[{"embeddable":true,"href":"https:\/\/wolarafalowska.pl\/index.php?rest_route=\/wp\/v2\/users\/1"}],"replies":[{"embeddable":true,"href":"https:\/\/wolarafalowska.pl\/index.php?rest_route=%2Fwp%2Fv2%2Fcomments&post=833"}],"version-history":[{"count":1,"href":"https:\/\/wolarafalowska.pl\/index.php?rest_route=\/wp\/v2\/posts\/833\/revisions"}],"predecessor-version":[{"id":834,"href":"https:\/\/wolarafalowska.pl\/index.php?rest_route=\/wp\/v2\/posts\/833\/revisions\/834"}],"wp:attachment":[{"href":"https:\/\/wolarafalowska.pl\/index.php?rest_route=%2Fwp%2Fv2%2Fmedia&parent=833"}],"wp:term":[{"taxonomy":"category","embeddable":true,"href":"https:\/\/wolarafalowska.pl\/index.php?rest_route=%2Fwp%2Fv2%2Fcategories&post=833"},{"taxonomy":"post_tag","embeddable":true,"href":"https:\/\/wolarafalowska.pl\/index.php?rest_route=%2Fwp%2Fv2%2Ftags&post=833"}],"curies":[{"name":"wp","href":"https:\/\/api.w.org\/{rel}","templated":true}]}}